{"id":9213,"date":"2024-12-23T06:37:13","date_gmt":"2024-12-23T05:37:13","guid":{"rendered":"https:\/\/fantasy-model.de\/casting-para-jack-frost\/"},"modified":"2024-12-23T06:37:13","modified_gmt":"2024-12-23T05:37:13","slug":"casting-para-jack-frost","status":"publish","type":"post","link":"https:\/\/fantasy-model.de\/es\/casting-para-jack-frost\/","title":{"rendered":"Casting para Jack Frost"},"content":{"rendered":"<p>Buscamos modelos masculinos para una <a href=\"https:\/\/fantasy-model.de\/\">sesi\u00f3n de fotos creativa<\/a> centrada en el retrato y la fantas\u00eda en Bonn y Wuppertal, en la que nuestros maquilladores y fot\u00f3grafos quieren representar a los modelos como Jack Frost, un demonio de invierno o un majestuoso rey de las nieves. Si tienes entre 16 y 35 a\u00f1os y una apariencia atl\u00e9tica, \u00a1eres perfecto para nosotros! No es imprescindible tener experiencia como modelo.  <\/p>\n<p>La sesi\u00f3n de fotos y el rodaje del v\u00eddeo tendr\u00e1n lugar en un ambiente invernal en el estudio y requieren una buena forma f\u00edsica, as\u00ed como la capacidad de representar diferentes emociones y el car\u00e1cter de una persona arrogante, genial y ego\u00edsta. Debes estar dispuesto a experimentar con ideas y conceptos creativos. <\/p>\n<p>Si est\u00e1s interesado, env\u00edanos una foto actual (un selfie frente al espejo es suficiente) y una breve descripci\u00f3n de tu experiencia. \u00a1Estamos deseando conocerte y crear juntos momentos m\u00e1gicos de invierno! <\/p>\n<h2>\u00bfQui\u00e9n es Jack Frost?<\/h2>\n<figure id=\"attachment_8839\" aria-describedby=\"caption-attachment-8839\" style=\"width: 300px\" class=\"wp-caption alignright\"><a href=\"https:\/\/fantasy-model.de\/wp-content\/uploads\/AdobeStock_1025907941-scaled.jpg\" target=\"_blank\" rel=\"noopener\"><img fetchpriority=\"high\" decoding=\"async\" class=\"wp-image-3727 size-medium\" title=\"Fr\u00edo como el hielo, arrogante, inconsciente de los peligros de las bromas que gasta a los dem\u00e1s, as\u00ed es Jack Frost.\" src=\"https:\/\/fantasy-model.de\/wp-content\/uploads\/\/AdobeStock_1025907941-300x200.jpg\" alt=\"Fr\u00edo como el hielo, arrogante, inconsciente de los peligros de las bromas que gasta a los dem\u00e1s, as\u00ed es Jack Frost.\" width=\"300\" height=\"200\" srcset=\"https:\/\/fantasy-model.de\/wp-content\/uploads\/AdobeStock_1025907941-300x200.jpg 300w, https:\/\/fantasy-model.de\/wp-content\/uploads\/AdobeStock_1025907941-1800x1200.jpg 1800w, https:\/\/fantasy-model.de\/wp-content\/uploads\/AdobeStock_1025907941-150x100.jpg 150w, https:\/\/fantasy-model.de\/wp-content\/uploads\/AdobeStock_1025907941-768x512.jpg 768w, https:\/\/fantasy-model.de\/wp-content\/uploads\/AdobeStock_1025907941-1536x1024.jpg 1536w, https:\/\/fantasy-model.de\/wp-content\/uploads\/AdobeStock_1025907941-2048x1365.jpg 2048w\" sizes=\"(max-width: 300px) 100vw, 300px\" \/><\/a><figcaption id=\"caption-attachment-8839\" class=\"wp-caption-text\">Fr\u00edo como el hielo, arrogante, inconsciente de los peligros de las bromas que gasta a los dem\u00e1s, as\u00ed es Jack Frost.<\/figcaption><\/figure>\n<p>Jack Frost es una personificaci\u00f3n popular del invierno, probablemente de origen anglosaj\u00f3n y n\u00f3rdico. Es un sin\u00f3nimo del repentino regreso del clima fr\u00edo y se le responsabiliza de las tormentas de nieve y las cat\u00e1strofes. El Jack Frost estadounidense tiene b\u00e1sicamente los mismos poderes que el Pap\u00e1 Noel ruso. Sin embargo, sus personajes difieren considerablemente: Jack Frost se comporta como un ni\u00f1o. Le gusta gastar bromas, que pueden ser muy peligrosas y a veces provocar la congelaci\u00f3n. Sin embargo, no es consciente de ello. Es impredecible, impaciente e irresponsable. Por lo tanto, suele representarse como un adolescente o un joven.       <\/p>\n<p>En el cuento de Hans Christian Andersen, un ni\u00f1o recibe una astilla de hielo de la Reina de las Nieves en el ojo y su coraz\u00f3n se convierte en hielo. Como resultado, se vuelve fr\u00edo, cruel y arrogante. Solo las l\u00e1grimas de su amiga Gerda, que se ha propuesto salvar a su amigo, derriten su coraz\u00f3n helado y juntos huyen del reino de la Reina de las Nieves. En la versi\u00f3n de Hans Christian Andersen de Jack Frost, su propia juventud, en la que perdi\u00f3 a sus padres, juega un papel importante.   <\/p>\n<p>En las <a href=\"https:\/\/bundesamt-magische-wesen.de\/shop\/die-chroniken-von-narnia-von-clive-s-lewis\/\" target=\"_blank\" rel=\"noopener\">novelas de Narnia de C. S. Lewis<\/a> tambi\u00e9n aparece la figura de la Reina de las Nieves, que manipula al hermano menor de un cuarteto de hermanos, que se siente desplazado, y lo lleva a su lado como gobernante. \u00c9l tambi\u00e9n experimenta una transformaci\u00f3n y regresa purificado con sus hermanos. <\/p>\n<h3>\u00c9nfasis en las tomas de retrato<\/h3>\n<figure id=\"attachment_8847\" aria-describedby=\"caption-attachment-8847\" style=\"width: 300px\" class=\"wp-caption alignright\"><img decoding=\"async\" class=\"wp-image-3729 size-medium\" title=\"El enfoque de la pr\u00f3xima sesi\u00f3n de modelos est\u00e1 en el \u00e1rea de retrato y fantas\u00eda.\" src=\"https:\/\/fantasy-model.de\/wp-content\/uploads\/\/AdobeStock_1025907750-300x200.jpg\" alt=\"El enfoque de la pr\u00f3xima sesi\u00f3n de modelos est\u00e1 en el \u00e1rea de retrato y fantas\u00eda.\" width=\"300\" height=\"200\" srcset=\"https:\/\/fantasy-model.de\/wp-content\/uploads\/AdobeStock_1025907750-300x200.jpg 300w, https:\/\/fantasy-model.de\/wp-content\/uploads\/AdobeStock_1025907750-150x100.jpg 150w, https:\/\/fantasy-model.de\/wp-content\/uploads\/AdobeStock_1025907750-768x512.jpg 768w, https:\/\/fantasy-model.de\/wp-content\/uploads\/AdobeStock_1025907750-1536x1024.jpg 1536w, https:\/\/fantasy-model.de\/wp-content\/uploads\/AdobeStock_1025907750.jpg 1600w\" sizes=\"(max-width: 300px) 100vw, 300px\" \/><figcaption id=\"caption-attachment-8847\" class=\"wp-caption-text\">El enfoque de la pr\u00f3xima sesi\u00f3n de modelos est\u00e1 en el \u00e1rea de retrato y fantas\u00eda.<\/figcaption><\/figure>\n<p>Para la sesi\u00f3n de fotos, si el tiempo lo permite en enero o febrero, se realizar\u00e1n tomas de fondo en el entorno invernal del Rheinaue en Bonn. Pero el enfoque est\u00e1 en el \u00e1rea de tomas de retrato, ya que representa un desaf\u00edo interesante para nuestros maquilladores combinar los atributos de hielo, nieve y fr\u00edo con la <a href=\"https:\/\/fantasy-model.de\/de\/talent\/frederik-schrade\/\">arrogancia juvenil<\/a>, la frialdad emocional y el atractivo masculino y plasmarlos en un retrato evocador. <\/p>\n<p>Buscamos modelos que sean capaces de meterse en los personajes de Jack Frost, un <a href=\"https:\/\/fantasy-model.de\/de\/fantasy-fotoshootings-fuer-maennliche-models\/\">demonio de invierno<\/a> o un rey de las nieves. Se requieren diferentes poses y expresiones para representar la profundidad emocional de estas figuras. Esto tambi\u00e9n incluye un uso intensivo de nuestros maquilladores para reinterpretar la figura de fantas\u00eda Jack Frost para que coincida con cada modelo. En el escenario, los colores predominantes son el blanco y el azul. Tambi\u00e9n forman parte del escenario un cetro, una corona con elementos florales y cristales, as\u00ed como un sill\u00f3n de trono. Y experimentamos con efectos especiales en el v\u00eddeo.     <\/p>\n<p>Los detalles exactos sobre la ubicaci\u00f3n y la fecha se comunicar\u00e1n a los modelos seleccionados a su debido tiempo. Valoramos la colaboraci\u00f3n creativa, no solo en esta <a href=\"https:\/\/fantasy-model.de\">sesi\u00f3n de fotos de fantas\u00eda<\/a>, y agradecemos las ideas frescas y las interpretaciones de los personajes. <\/p>\n<figure id=\"attachment_8843\" aria-describedby=\"caption-attachment-8843\" style=\"width: 300px\" class=\"wp-caption alignright\"><img decoding=\"async\" class=\"wp-image-3728 size-medium\" title=\"Con el permiso de los padres, los modelos menores de 18 a\u00f1os tambi\u00e9n pueden participar en la sesi\u00f3n de fotos.\" src=\"https:\/\/fantasy-model.de\/wp-content\/uploads\/\/AdobeStock_1025907843-300x200.jpg\" alt=\"Con el permiso de los padres, los modelos menores de 18 a\u00f1os tambi\u00e9n pueden participar en la sesi\u00f3n de fotos.\" width=\"300\" height=\"200\" srcset=\"https:\/\/fantasy-model.de\/wp-content\/uploads\/AdobeStock_1025907843-300x200.jpg 300w, https:\/\/fantasy-model.de\/wp-content\/uploads\/AdobeStock_1025907843-150x100.jpg 150w, https:\/\/fantasy-model.de\/wp-content\/uploads\/AdobeStock_1025907843-768x512.jpg 768w, https:\/\/fantasy-model.de\/wp-content\/uploads\/AdobeStock_1025907843-1536x1024.jpg 1536w, https:\/\/fantasy-model.de\/wp-content\/uploads\/AdobeStock_1025907843.jpg 1600w\" sizes=\"(max-width: 300px) 100vw, 300px\" \/><figcaption id=\"caption-attachment-8843\" class=\"wp-caption-text\">Con el permiso de los padres, los modelos menores de 18 a\u00f1os tambi\u00e9n pueden participar en la sesi\u00f3n de fotos.<\/figcaption><\/figure>\n<p>As\u00ed que, si est\u00e1s interesado, \u00a1no dudes en presentar tu solicitud!<\/p>\n<p>Por supuesto, para los modelos menores de 18 a\u00f1os, se requiere el consentimiento escrito de los padres. Uno de los padres puede estar presente en la sesi\u00f3n de fotos y el rodaje del v\u00eddeo. En un contrato de modelo se especifica para qu\u00e9 se utilizar\u00e1n las im\u00e1genes. Cada modelo recibe una selecci\u00f3n de las im\u00e1genes para su libre uso.   <\/p>\n<h4>\u00bfQu\u00e9 ocurre con las im\u00e1genes y las grabaciones?<\/h4>\n<p>Las im\u00e1genes y secuencias de v\u00eddeo resultantes del proyecto Jack Frost se utilizar\u00e1n en el portal de la editorial Bundesamt f\u00fcr magische Wesen y sus redes sociales para publicaciones relacionadas con el tema de la fantas\u00eda y la literatura. Tambi\u00e9n se est\u00e1 debatiendo un proyecto de calendario ben\u00e9fico para el a\u00f1o 2026. <\/p>\n<p>Env\u00edanos una breve solicitud con un selfie y las tallas de tus camisetas, pantalones y zapatos a shooting@fantasy-model.de antes del 30 de enero de 2025.<\/p>\n<p>&nbsp;<\/p>\n<p>&nbsp;<\/p>\n","protected":false},"excerpt":{"rendered":"<p>Sesi\u00f3n de fotos de retrato y estudio en un ambiente helado al aire libre y en los estudios de Wuppertal y Bonn<\/p>\n","protected":false},"author":4,"featured_media":8835,"comment_status":"open","ping_status":"open","sticky":false,"template":"","format":"standard","meta":{"footnotes":"","_members_access_role":[],"_members_access_error":""},"categories":[200],"tags":[488,533,489,355,446,432,433],"class_list":["post-9213","post","type-post","status-publish","format-standard","has-post-thumbnail","hentry","category-sesiones-fotograficas-de-fantasia-es","tag-demonio-de-hielo","tag-helada","tag-hielo","tag-invierno","tag-jack-frost-es","tag-nieve","tag-rey-de-las-nieves"],"_links":{"self":[{"href":"https:\/\/fantasy-model.de\/es\/wp-json\/wp\/v2\/posts\/9213","targetHints":{"allow":["GET"]}}],"collection":[{"href":"https:\/\/fantasy-model.de\/es\/wp-json\/wp\/v2\/posts"}],"about":[{"href":"https:\/\/fantasy-model.de\/es\/wp-json\/wp\/v2\/types\/post"}],"author":[{"embeddable":true,"href":"https:\/\/fantasy-model.de\/es\/wp-json\/wp\/v2\/users\/4"}],"replies":[{"embeddable":true,"href":"https:\/\/fantasy-model.de\/es\/wp-json\/wp\/v2\/comments?post=9213"}],"version-history":[{"count":0,"href":"https:\/\/fantasy-model.de\/es\/wp-json\/wp\/v2\/posts\/9213\/revisions"}],"wp:featuredmedia":[{"embeddable":true,"href":"https:\/\/fantasy-model.de\/es\/wp-json\/wp\/v2\/media\/8835"}],"wp:attachment":[{"href":"https:\/\/fantasy-model.de\/es\/wp-json\/wp\/v2\/media?parent=9213"}],"wp:term":[{"taxonomy":"category","embeddable":true,"href":"https:\/\/fantasy-model.de\/es\/wp-json\/wp\/v2\/categories?post=9213"},{"taxonomy":"post_tag","embeddable":true,"href":"https:\/\/fantasy-model.de\/es\/wp-json\/wp\/v2\/tags?post=9213"}],"curies":[{"name":"wp","href":"https:\/\/api.w.org\/{rel}","templated":true}]}}