{"id":9225,"date":"2024-06-09T21:44:54","date_gmt":"2024-06-09T19:44:54","guid":{"rendered":"https:\/\/fantasy-model.de\/practicas-como-modelo-masculino-para-dark-fashion\/"},"modified":"2024-06-09T21:44:54","modified_gmt":"2024-06-09T19:44:54","slug":"practicas-como-modelo-masculino-para-dark-fashion","status":"publish","type":"post","link":"https:\/\/fantasy-model.de\/es\/practicas-como-modelo-masculino-para-dark-fashion\/","title":{"rendered":"Pr\u00e1cticas como modelo masculino para Dark Fashion"},"content":{"rendered":"<figure id=\"attachment_5523\" aria-describedby=\"caption-attachment-5523\" style=\"width: 300px\" class=\"wp-caption alignright\"><a href=\"https:\/\/fantasy-model.de\/wp-content\/uploads\/\/Parents@Work-CoJoBo-14-300x225.jpg\" target=\"_blank\" rel=\"noopener\"><img fetchpriority=\"high\" decoding=\"async\" class=\"wp-image-2896 size-medium\" title=\"Pr\u00e1cticas como modelo masculino para Dark Fashion al estilo victoriano (Foto: Barbara Frommann)\" src=\"https:\/\/fantasy-model.de\/wp-content\/uploads\/\/Parents@Work-CoJoBo-14-300x225.jpg\" alt=\"Pr\u00e1cticas como modelo masculino para Dark Fashion al estilo victoriano (Foto: Barbara Frommann)\" width=\"300\" height=\"225\" srcset=\"https:\/\/fantasy-model.de\/wp-content\/uploads\/Parents@Work-CoJoBo-14-300x225.jpg 300w, https:\/\/fantasy-model.de\/wp-content\/uploads\/Parents@Work-CoJoBo-14-150x113.jpg 150w, https:\/\/fantasy-model.de\/wp-content\/uploads\/Parents@Work-CoJoBo-14-768x576.jpg 768w, https:\/\/fantasy-model.de\/wp-content\/uploads\/Parents@Work-CoJoBo-14-1536x1152.jpg 1536w, https:\/\/fantasy-model.de\/wp-content\/uploads\/Parents@Work-CoJoBo-14.jpg 1600w\" sizes=\"(max-width: 300px) 100vw, 300px\" \/><\/a><figcaption id=\"caption-attachment-5523\" class=\"wp-caption-text\">Pr\u00e1cticas como modelo masculino para Dark Fashion al estilo victoriano (Foto: Barbara Frommann)<\/figcaption><\/figure>\n<p>Una madre, que asisti\u00f3 con su familia a uno de nuestros eventos con el testigo de la \u00e9poca nazi <a href=\"https:\/\/von-ganz-ganz-unten.de\/\" target=\"_blank\" rel=\"noopener\">Ivar Buterfas-Frankenthal<\/a>, pregunt\u00f3 unas semanas despu\u00e9s si su hijo de 15 a\u00f1os, <a href=\"https:\/\/fantasy-model.de\/de\/talent\/frederik-schrade\/\">Frederik Schrade<\/a>, pod\u00eda hacer unas pr\u00e1cticas con nosotros. Se le devolvi\u00f3 la llamada, el chico estaba directamente al tel\u00e9fono y se le confirm\u00f3 su participaci\u00f3n en la pr\u00f3xima <a href=\"https:\/\/fantasy-model.de\/de\/casting-call-fuer-jack-frost\/\">sesi\u00f3n de fotos de modelos<\/a>, concretamente como modelo masculino. <\/p>\n<p>Pero antes ten\u00edamos que reunirnos en nuestra oficina, porque una <a href=\"https:\/\/fantasy-model.de\/de\/male-models-fragen-modelshooting\/\">sesi\u00f3n de fotos con un adolescente<\/a> la hablamos, por supuesto, con los tutores legales.<\/p>\n<h2>Pr\u00e1cticas como modelo masculino al estilo victoriano<\/h2>\n<p>\u00bfQu\u00e9 motivo se elige, en qu\u00e9 entorno y a qu\u00e9 hora tiene lugar la <a href=\"https:\/\/fantasy-model.de\/\">sesi\u00f3n de fotos<\/a>? El chico deb\u00eda sentirse a gusto, divertirse y aprender algo. Deb\u00eda, y este es el sentido de la serie de pr\u00e1cticas Parents@Work del Collegium Josephinum, donde estudia, obtener una visi\u00f3n general de los campos profesionales de <a href=\"https:\/\/fantasy-model.de\/de\/talent\/barbara-frommann\/\">fot\u00f3grafo<\/a> y maquillador.  <\/p>\n<p>Primero visitamos Boudoir Noir, una tienda online de moda g\u00f3tica y Dark Fashion. Al principio cost\u00f3 un poco convencerle, porque el estilo g\u00f3tico no es el estilo habitual que lleva. Pero de eso tambi\u00e9n se trata en unas pr\u00e1cticas. Probar algo inusual, dominar una situaci\u00f3n inicialmente extra\u00f1a y probar un nuevo papel. Frederic hab\u00eda elegido algunas camisas y pantalones que le convertir\u00edan en un joven vampiro genial con un estilo victoriano oscuro y elegante.    <\/p>\n<p>Resultado: ahora tenemos un modelo masculino. Y Frederik Schrade se imagina seguir modelando. Como trabajo de vacaciones o escolar, por ejemplo, para Urban Street Style, pero tambi\u00e9n para otras sesiones de fotos de fantas\u00eda.  <\/p>\n<p>Modelo: Frederik Schrade, Bonn<br \/>\nFot\u00f3grafa: Barbara Frommann, Bornheim<br \/>\nMaquilladora: <a href=\"https:\/\/www.emilia-keil.de\/\" target=\"_blank\" rel=\"noopener\">Emilia Keil, Bornheim<\/a><br \/>\nTextiles: <a href=\"https:\/\/www.boudoir-noir.de\/\" target=\"_blank\" rel=\"noopener\">Boudoir Noir, Ebersbach<\/a><br \/>\nUbicaci\u00f3n: Cementerio antiguo con capilla de San Jorge, Bonn<\/p>\n<p>&nbsp;<\/p>\n<h3 data-start=\"184\" data-end=\"261\"><strong data-start=\"184\" data-end=\"261\">Pr\u00e1cticas en el estudio fotogr\u00e1fico: \u00a1Descubre el mundo detr\u00e1s de la c\u00e1mara&#8230; y delante!<\/strong><\/h3>\n<figure id=\"attachment_8447\" aria-describedby=\"caption-attachment-8447\" style=\"width: 300px\" class=\"wp-caption alignright\"><a href=\"https:\/\/fantasy-model.de\/wp-content\/uploads\/\/BAfmW-Alter-Friedhof-054-300x200.jpg\" target=\"_blank\" rel=\"noopener\"><img decoding=\"async\" class=\"wp-image-3629 size-medium\" title=\"Dos j\u00f3venes modelos masculinos disponibles para sesiones de fotos en el \u00e1mbito de la moda, por ejemplo, para Gothic y Dark Fashion al estilo victoriano.\" src=\"https:\/\/fantasy-model.de\/wp-content\/uploads\/\/BAfmW-Alter-Friedhof-054-300x200.jpg\" alt=\"Dos j\u00f3venes modelos masculinos disponibles para sesiones de fotos en el \u00e1mbito de la moda, por ejemplo, para Gothic y Dark Fashion al estilo victoriano.\" width=\"300\" height=\"200\" srcset=\"https:\/\/fantasy-model.de\/wp-content\/uploads\/BAfmW-Alter-Friedhof-054-300x200.jpg 300w, https:\/\/fantasy-model.de\/wp-content\/uploads\/BAfmW-Alter-Friedhof-054-1800x1200.jpg 1800w, https:\/\/fantasy-model.de\/wp-content\/uploads\/BAfmW-Alter-Friedhof-054-150x100.jpg 150w, https:\/\/fantasy-model.de\/wp-content\/uploads\/BAfmW-Alter-Friedhof-054-768x512.jpg 768w, https:\/\/fantasy-model.de\/wp-content\/uploads\/BAfmW-Alter-Friedhof-054-1536x1024.jpg 1536w, https:\/\/fantasy-model.de\/wp-content\/uploads\/BAfmW-Alter-Friedhof-054.jpg 1920w\" sizes=\"(max-width: 300px) 100vw, 300px\" \/><\/a><figcaption id=\"caption-attachment-8447\" class=\"wp-caption-text\">Dos j\u00f3venes modelos masculinos disponibles para sesiones de fotos en el \u00e1mbito de la moda, por ejemplo, para Gothic y Dark Fashion al estilo victoriano.<\/figcaption><\/figure>\n<p data-start=\"263\" data-end=\"489\">\u00bfTienes 16 a\u00f1os o m\u00e1s y te interesa la fotograf\u00eda, el estilismo o simplemente quieres saber qu\u00e9 pasa realmente en una sesi\u00f3n de fotos profesional? \u00a1Entonces unas pr\u00e1cticas en el estudio fotogr\u00e1fico son justo lo que necesitas! <\/p>\n<p data-start=\"491\" data-end=\"585\">En Sprungbrett BAfmW tienes la oportunidad de conocer de cerca tres profesiones apasionantes:<\/p>\n<p data-start=\"587\" data-end=\"846\">\ud83d\udcf8 <strong data-start=\"590\" data-end=\"629\">Fot\u00f3grafo: la mirada para lo especial<\/strong><br data-start=\"629\" data-end=\"632\">Aprende a hacer fotos impresionantes con luz, perspectiva y t\u00e9cnica. Podr\u00e1s ayudar en sesiones de fotos reales, manejar la c\u00e1mara, montar el set y aprender c\u00f3mo una idea se convierte en una imagen impactante. <\/p>\n<p data-start=\"848\" data-end=\"1104\">\ud83c\udfad <strong data-start=\"851\" data-end=\"898\">Maquillador: el artista en la sombra<\/strong><br data-start=\"898\" data-end=\"901\">Aqu\u00ed hay algo m\u00e1s que maquillaje: ver\u00e1s c\u00f3mo se crean looks con pincel, pintura y creatividad, desde lo natural hasta lo extravagante. Puedes observar o incluso probar a hacer peque\u00f1os retoques t\u00fa mismo. <\/p>\n<p data-start=\"1106\" data-end=\"1363\">\ud83d\udca1 <strong data-start=\"1109\" data-end=\"1149\">Modelo: seguridad ante la c\u00e1mara<\/strong><br data-start=\"1149\" data-end=\"1152\">\u00bfQuieres saber c\u00f3mo trabajan los modelos? Con nosotros, durante unas pr\u00e1cticas, te har\u00e1s una idea de c\u00f3mo posar correctamente, manejar la c\u00e1mara y desenvolverte con seguridad. Qui\u00e9n sabe, \u00bfquiz\u00e1s tengas incluso <a href=\"https:\/\/fantasy-model.de\/de\/model-bei-sprungbrett-bafmw\/\">talento para modelar<\/a>?  <\/p>\n<p data-start=\"1365\" data-end=\"1398\"><strong data-start=\"1365\" data-end=\"1396\">Lo que debes traer contigo:<\/strong><\/p>\n<ul data-start=\"1399\" data-end=\"1524\">\n<li data-start=\"1399\" data-end=\"1424\">\n<p data-start=\"1401\" data-end=\"1424\">Curiosidad y apertura de mente<\/p>\n<\/li>\n<li data-start=\"1425\" data-end=\"1448\">\n<p data-start=\"1427\" data-end=\"1448\">Inter\u00e9s creativo<\/p>\n<\/li>\n<li data-start=\"1449\" data-end=\"1462\">\n<p data-start=\"1451\" data-end=\"1462\">Esp\u00edritu de equipo<\/p>\n<\/li>\n<li data-start=\"1463\" data-end=\"1524\">\n<p data-start=\"1465\" data-end=\"1524\">No tener miedo a ponerse delante de la c\u00e1mara<\/p>\n<\/li>\n<\/ul>\n<p data-start=\"1526\" data-end=\"1548\"><strong data-start=\"1526\" data-end=\"1546\">Lo que obtendr\u00e1s:<\/strong><\/p>\n<ul data-start=\"1549\" data-end=\"1729\">\n<li data-start=\"1549\" data-end=\"1586\">\n<p data-start=\"1551\" data-end=\"1586\">Una visi\u00f3n de los mundos profesionales creativos<\/p>\n<\/li>\n<li data-start=\"1587\" data-end=\"1624\">\n<p data-start=\"1589\" data-end=\"1624\">Primeras experiencias en el d\u00eda a d\u00eda del estudio<\/p>\n<\/li>\n<li data-start=\"1625\" data-end=\"1663\">\n<p data-start=\"1627\" data-end=\"1663\">Consejos y trucos de verdaderos profesionales<\/p>\n<\/li>\n<li data-start=\"1664\" data-end=\"1729\">\n<p data-start=\"1666\" data-end=\"1729\">Impresiones geniales, \u00a1y quiz\u00e1s incluso algunas fotos tuyas!<\/p>\n<\/li>\n<\/ul>\n<hr data-start=\"1731\" data-end=\"1734\">\n<p data-start=\"1736\" data-end=\"1831\"><strong data-start=\"1736\" data-end=\"1754\">\u00bfTe ha entrado el gusanillo?<\/strong>  \u00a1Entonces solicita ahora unas pr\u00e1cticas y descubre tu talento creativo!<\/p>\n","protected":false},"excerpt":{"rendered":"<p>Del estudiante de 15 a\u00f1os al joven vampiro en el antiguo cementerio de Bonn<\/p>\n","protected":false},"author":4,"featured_media":5451,"comment_status":"open","ping_status":"open","sticky":false,"template":"","format":"standard","meta":{"footnotes":"","_members_access_role":[],"_members_access_error":""},"categories":[200,201],"tags":[248,251,553,314,338],"class_list":["post-9225","post","type-post","status-publish","format-standard","has-post-thumbnail","hentry","category-sesiones-fotograficas-de-fantasia-es","category-sesiones-fotograficas-de-moda","tag-bonn-es","tag-boudoir-noir-es","tag-capilla-de-san-jorge-de-bonn","tag-moda-oscura","tag-vampiro"],"_links":{"self":[{"href":"https:\/\/fantasy-model.de\/es\/wp-json\/wp\/v2\/posts\/9225","targetHints":{"allow":["GET"]}}],"collection":[{"href":"https:\/\/fantasy-model.de\/es\/wp-json\/wp\/v2\/posts"}],"about":[{"href":"https:\/\/fantasy-model.de\/es\/wp-json\/wp\/v2\/types\/post"}],"author":[{"embeddable":true,"href":"https:\/\/fantasy-model.de\/es\/wp-json\/wp\/v2\/users\/4"}],"replies":[{"embeddable":true,"href":"https:\/\/fantasy-model.de\/es\/wp-json\/wp\/v2\/comments?post=9225"}],"version-history":[{"count":0,"href":"https:\/\/fantasy-model.de\/es\/wp-json\/wp\/v2\/posts\/9225\/revisions"}],"wp:featuredmedia":[{"embeddable":true,"href":"https:\/\/fantasy-model.de\/es\/wp-json\/wp\/v2\/media\/5451"}],"wp:attachment":[{"href":"https:\/\/fantasy-model.de\/es\/wp-json\/wp\/v2\/media?parent=9225"}],"wp:term":[{"taxonomy":"category","embeddable":true,"href":"https:\/\/fantasy-model.de\/es\/wp-json\/wp\/v2\/categories?post=9225"},{"taxonomy":"post_tag","embeddable":true,"href":"https:\/\/fantasy-model.de\/es\/wp-json\/wp\/v2\/tags?post=9225"}],"curies":[{"name":"wp","href":"https:\/\/api.w.org\/{rel}","templated":true}]}}