{"id":9231,"date":"2022-08-27T21:30:51","date_gmt":"2022-08-27T19:30:51","guid":{"rendered":"https:\/\/fantasy-model.de\/una-sesion-de-fotos-como-principe-del-mar-en-las-circular-appearance-rooms-de-jeppe-hein\/"},"modified":"2022-08-27T21:30:51","modified_gmt":"2022-08-27T19:30:51","slug":"una-sesion-de-fotos-como-principe-del-mar-en-las-circular-appearance-rooms-de-jeppe-hein","status":"publish","type":"post","link":"https:\/\/fantasy-model.de\/es\/una-sesion-de-fotos-como-principe-del-mar-en-las-circular-appearance-rooms-de-jeppe-hein\/","title":{"rendered":"Una sesi\u00f3n de fotos como pr\u00edncipe del mar en las Circular Appearance Rooms de Jeppe Hein"},"content":{"rendered":"<figure id=\"attachment_6007\" aria-describedby=\"caption-attachment-6007\" style=\"width: 300px\" class=\"wp-caption alignright\"><a href=\"https:\/\/fantasy-model.de\/wp-content\/uploads\/\/KAH-Fontaene02-300x199.jpg\" target=\"_blank\" rel=\"noopener\"><img fetchpriority=\"high\" decoding=\"async\" class=\"wp-image-3019 size-medium\" title=\"Las Circular Appearance Rooms de Jeppe Hein en el Bundeskunsthalle sirvieron de tel\u00f3n de fondo para la sesi\u00f3n de fotos de fantas\u00eda con John B. (Foto: Klaus Maresch)\" src=\"https:\/\/fantasy-model.de\/wp-content\/uploads\/\/KAH-Fontaene02-300x199.jpg\" alt=\"Las Circular Appearance Rooms de Jeppe Hein en el Bundeskunsthalle sirvieron de tel\u00f3n de fondo para la sesi\u00f3n de fotos de fantas\u00eda con John B. (Foto: Klaus Maresch)\" width=\"300\" height=\"199\" srcset=\"https:\/\/fantasy-model.de\/wp-content\/uploads\/KAH-Fontaene02-300x199.jpg 300w, https:\/\/fantasy-model.de\/wp-content\/uploads\/KAH-Fontaene02-150x100.jpg 150w, https:\/\/fantasy-model.de\/wp-content\/uploads\/KAH-Fontaene02-768x510.jpg 768w, https:\/\/fantasy-model.de\/wp-content\/uploads\/KAH-Fontaene02-1536x1020.jpg 1536w, https:\/\/fantasy-model.de\/wp-content\/uploads\/KAH-Fontaene02.jpg 1600w\" sizes=\"(max-width: 300px) 100vw, 300px\" \/><\/a><figcaption id=\"caption-attachment-6007\" class=\"wp-caption-text\">Las Circular Appearance Rooms de Jeppe Hein en el Bundeskunsthalle sirvieron de tel\u00f3n de fondo para la sesi\u00f3n de fotos de fantas\u00eda con John B. (Foto: Klaus Maresch)<\/figcaption><\/figure>\n<p>El joven John B., que aqu\u00ed se representa como un pr\u00edncipe del mar, me lo encontr\u00e9 en una misi\u00f3n cuando sus padres me pidieron ayuda. Unas avispas hab\u00edan anidado en el caj\u00f3n de la persiana de su habitaci\u00f3n y, como antiguo apicultor, me gusta ayudar en estos casos. Ya era tarde cuando entr\u00e9 en la habitaci\u00f3n del futuro pr\u00edncipe del mar y all\u00ed encontr\u00e9 a un chico de 13 a\u00f1os algo t\u00edmido que al principio apenas pronunci\u00f3 palabra.  <\/p>\n<p>Me llamaron la atenci\u00f3n los muchos aparatos deportivos que hab\u00eda en su habitaci\u00f3n. Barras, pesas, dominadas&#8230; lo que al principio parec\u00eda una c\u00e1mara de tortura medieval, pronto revel\u00f3 ser la pasi\u00f3n de un adolescente en crecimiento. Ahora hay que saber que John necesita una silla de ruedas, pero no viene al caso el porqu\u00e9. Tampoco otras limitaciones relacionadas.   <\/p>\n<h2>Un peque\u00f1o pr\u00edncipe del mar merece reconocimiento<\/h2>\n<p>Pero John es un chico genial, un buen <a href=\"https:\/\/fantasy-model.de\/de\/ein-praktikum-als-jungmodel-fuer-dark-fashion\/\">estudiante<\/a>, un deportista entusiasta, entre otras cosas, campe\u00f3n alem\u00e1n de tenis en silla de ruedas, juega al baloncesto y le gusta nadar. Y, por supuesto, \u00bfa qu\u00e9 chico de su edad no le gusta? Le gustan las pel\u00edculas de fantas\u00eda.  <\/p>\n<p>Cuando el <a href=\"https:\/\/vespa-velutina.nrw\" target=\"_blank\" rel=\"noopener\">nido de avispas fue eliminado<\/a>, me puse a hablar con sus padres adoptivos y estuvimos charlando largo y tendido en el jard\u00edn. Me enter\u00e9 de lo costosa que fue la lucha para que John pudiera ir a una escuela normal y no a una escuela para discapacitados. Necesita un asistente de inclusi\u00f3n, que la ciudad de Bonn proporciona en su escuela. Y con este apoyo, el joven de 13 a\u00f1os tiene una nota media de 1,5 en sus asignaturas. Imag\u00ednense el potencial que se perder\u00eda si no existiera esta ayuda a la inclusi\u00f3n.    <\/p>\n<p><strong>Reconocimiento por sus destacados logros como estudiante y deportista<\/strong><\/p>\n<figure id=\"attachment_6143\" aria-describedby=\"caption-attachment-6143\" style=\"width: 300px\" class=\"wp-caption alignright\"><a href=\"https:\/\/fantasy-model.de\/wp-content\/uploads\/\/John-Anprobe01-300x199.jpg\" target=\"_blank\" rel=\"noopener\"><img decoding=\"async\" class=\"wp-image-3053 size-medium\" title=\"Prueba como pr\u00edncipe del mar en Magic Tail - John con la aleta de sirena (Foto: Klaus Maresch)\" src=\"https:\/\/fantasy-model.de\/wp-content\/uploads\/\/John-Anprobe01-300x199.jpg\" alt=\"Prueba como pr\u00edncipe del mar en Magic Tail - John con la aleta de sirena (Foto: Klaus Maresch)\" width=\"300\" height=\"199\" srcset=\"https:\/\/fantasy-model.de\/wp-content\/uploads\/John-Anprobe01-300x199.jpg 300w, https:\/\/fantasy-model.de\/wp-content\/uploads\/John-Anprobe01-150x100.jpg 150w, https:\/\/fantasy-model.de\/wp-content\/uploads\/John-Anprobe01-768x510.jpg 768w, https:\/\/fantasy-model.de\/wp-content\/uploads\/John-Anprobe01-1536x1020.jpg 1536w, https:\/\/fantasy-model.de\/wp-content\/uploads\/John-Anprobe01.jpg 1600w\" sizes=\"(max-width: 300px) 100vw, 300px\" \/><\/a><figcaption id=\"caption-attachment-6143\" class=\"wp-caption-text\">Prueba como pr\u00edncipe del mar en Magic Tail &#8211; John con la aleta de sirena (Foto: Klaus Maresch)<\/figcaption><\/figure>\n<p>Me pareci\u00f3 que este chico merec\u00eda un reconocimiento. Un reconocimiento que le demuestre que, a pesar de sus discapacidades, ha logrado algo grande y seguir\u00e1 logr\u00e1ndolo. Nuestro proyecto <a href=\"https:\/\/bundesamt-magische-wesen.de\" target=\"_blank\" rel=\"noopener\">Oficina Federal para Seres M\u00e1gicos<\/a> ya ha realizado varias veces <a href=\"https:\/\/fantasy-model.de\/\">sesiones de fotos de fantas\u00eda y modelos<\/a> en el pasado y les ofrec\u00ed a los padres adoptivos hablar con John sobre si le apetecer\u00eda. Una sesi\u00f3n de fotos como vampiro u hombre lobo me pareci\u00f3 inapropiada, y como es alguien a quien le gusta nadar, le propuse que probara a ser un joven trit\u00f3n. Casi como un pr\u00edncipe del mar, la respuesta genial a La Sirenita.    <\/p>\n<p>El chico primero tuvo que lidiar con este <a href=\"https:\/\/fantasy-model.de\/de\/setting-blutiges-fantasyshooting\/\">entorno de fantas\u00eda<\/a>, pero luego le pareci\u00f3 una buena idea.<\/p>\n<p>Despu\u00e9s de algunas reflexiones con la <a href=\"https:\/\/fantasy-model.de\/de\/talent\/barbara-frommann\/\">fot\u00f3grafa Barbara Frommann<\/a> y los amables asesores de Maskworld, nos pusimos a buscar una cola de sirena adecuada, que encontramos en la empresa -&gt; <a href=\"https:\/\/www.magictail.net\/Start\" target=\"_blank\" rel=\"noopener\">Magic Tail<\/a>, un gran proveedor para los fans de <a href=\"https:\/\/www.magictail.net\/Premium\" target=\"_blank\" rel=\"noopener\">sesiones de fotos e interpretaciones de sirenas<\/a>.<\/p>\n<p>Junto con John, fui a Waldkirch a Magic Tail. La propietaria, Kirsten S\u00f6ller, se tom\u00f3 mucho tiempo para asesorar a John de forma adecuada a su tipo y para repasar con \u00e9l la combinaci\u00f3n de colores adecuada de la aleta de trit\u00f3n como pr\u00edncipe del mar. <\/p>\n","protected":false},"excerpt":{"rendered":"<p>John B., campe\u00f3n alem\u00e1n juvenil de tenis en silla de ruedas, como un peque\u00f1o dios del mar de visita en el Bundeskunsthalle<\/p>\n","protected":false},"author":4,"featured_media":6007,"comment_status":"open","ping_status":"open","sticky":false,"template":"","format":"standard","meta":{"footnotes":"","_members_access_role":[],"_members_access_error":""},"categories":[200],"tags":[248,260,298,509,456,459,587,590],"class_list":["post-9231","post","type-post","status-publish","format-standard","has-post-thumbnail","hentry","category-sesiones-fotograficas-de-fantasia-es","tag-bonn-es","tag-bundeskunsthalle-es","tag-ciruclar-appearance-rooms-es","tag-fantasia","tag-magic-tail-es","tag-maskworld-es","tag-principe-del-mar","tag-triton"],"_links":{"self":[{"href":"https:\/\/fantasy-model.de\/es\/wp-json\/wp\/v2\/posts\/9231","targetHints":{"allow":["GET"]}}],"collection":[{"href":"https:\/\/fantasy-model.de\/es\/wp-json\/wp\/v2\/posts"}],"about":[{"href":"https:\/\/fantasy-model.de\/es\/wp-json\/wp\/v2\/types\/post"}],"author":[{"embeddable":true,"href":"https:\/\/fantasy-model.de\/es\/wp-json\/wp\/v2\/users\/4"}],"replies":[{"embeddable":true,"href":"https:\/\/fantasy-model.de\/es\/wp-json\/wp\/v2\/comments?post=9231"}],"version-history":[{"count":0,"href":"https:\/\/fantasy-model.de\/es\/wp-json\/wp\/v2\/posts\/9231\/revisions"}],"wp:featuredmedia":[{"embeddable":true,"href":"https:\/\/fantasy-model.de\/es\/wp-json\/wp\/v2\/media\/6007"}],"wp:attachment":[{"href":"https:\/\/fantasy-model.de\/es\/wp-json\/wp\/v2\/media?parent=9231"}],"wp:term":[{"taxonomy":"category","embeddable":true,"href":"https:\/\/fantasy-model.de\/es\/wp-json\/wp\/v2\/categories?post=9231"},{"taxonomy":"post_tag","embeddable":true,"href":"https:\/\/fantasy-model.de\/es\/wp-json\/wp\/v2\/tags?post=9231"}],"curies":[{"name":"wp","href":"https:\/\/api.w.org\/{rel}","templated":true}]}}