{"id":9212,"date":"2024-12-23T06:37:13","date_gmt":"2024-12-23T05:37:13","guid":{"rendered":"https:\/\/fantasy-model.de\/appel-a-casting-pour-jack-frost\/"},"modified":"2024-12-23T06:37:13","modified_gmt":"2024-12-23T05:37:13","slug":"appel-a-casting-pour-jack-frost","status":"publish","type":"post","link":"https:\/\/fantasy-model.de\/fr\/appel-a-casting-pour-jack-frost\/","title":{"rendered":"Appel \u00e0 casting pour Jack Frost"},"content":{"rendered":"<p>Nous recherchons des mod\u00e8les masculins pour une <a href=\"https:\/\/fantasy-model.de\/\">s\u00e9ance photo cr\u00e9ative<\/a> ax\u00e9e sur le portrait et le fantastique \u00e0 Bonn et Wuppertal, o\u00f9 nos maquilleurs et photographes souhaitent mettre en sc\u00e8ne les mod\u00e8les en tant que Jack Frost, d\u00e9mon hivernal ou majestueux roi des neiges. Si tu as entre 16 et 35 ans, une apparence sportive, alors tu es exactement la bonne personne pour nous ! L&rsquo;exp\u00e9rience dans le mannequinat n&rsquo;est pas une condition obligatoire.  <\/p>\n<p>Le shooting et le tournage vid\u00e9o auront lieu dans un d\u00e9cor hivernal en studio et n\u00e9cessitent une bonne condition physique ainsi que la capacit\u00e9 de repr\u00e9senter diff\u00e9rentes \u00e9motions et le caract\u00e8re d&rsquo;une personne arrogante, cool et \u00e9go\u00efste. Tu dois \u00eatre pr\u00eat \u00e0 exp\u00e9rimenter des id\u00e9es et des concepts cr\u00e9atifs. <\/p>\n<p>Si tu es int\u00e9ress\u00e9, envoie-nous une photo r\u00e9cente (un selfie devant le miroir suffit) et une br\u00e8ve description de tes exp\u00e9riences. Nous sommes impatients de te conna\u00eetre et de cr\u00e9er ensemble des moments hivernaux magiques ! <\/p>\n<h2>Qui est Jack Frost ?<\/h2>\n<figure id=\"attachment_8838\" aria-describedby=\"caption-attachment-8838\" style=\"width: 300px\" class=\"wp-caption alignright\"><a href=\"https:\/\/fantasy-model.de\/wp-content\/uploads\/AdobeStock_1025907941-scaled.jpg\" target=\"_blank\" rel=\"noopener\"><img fetchpriority=\"high\" decoding=\"async\" class=\"wp-image-3727 size-medium\" title=\"Glacial, arrogant, inconscient des dangers des farces qu'il joue aux autres, c'est Jack Frost.\" src=\"https:\/\/fantasy-model.de\/wp-content\/uploads\/\/AdobeStock_1025907941-300x200.jpg\" alt=\"Glacial, arrogant, inconscient des dangers des farces qu'il joue aux autres, c'est Jack Frost.\" width=\"300\" height=\"200\" srcset=\"https:\/\/fantasy-model.de\/wp-content\/uploads\/AdobeStock_1025907941-300x200.jpg 300w, https:\/\/fantasy-model.de\/wp-content\/uploads\/AdobeStock_1025907941-1800x1200.jpg 1800w, https:\/\/fantasy-model.de\/wp-content\/uploads\/AdobeStock_1025907941-150x100.jpg 150w, https:\/\/fantasy-model.de\/wp-content\/uploads\/AdobeStock_1025907941-768x512.jpg 768w, https:\/\/fantasy-model.de\/wp-content\/uploads\/AdobeStock_1025907941-1536x1024.jpg 1536w, https:\/\/fantasy-model.de\/wp-content\/uploads\/AdobeStock_1025907941-2048x1365.jpg 2048w\" sizes=\"(max-width: 300px) 100vw, 300px\" \/><\/a><figcaption id=\"caption-attachment-8838\" class=\"wp-caption-text\">Glacial, arrogant, inconscient des dangers des farces qu&rsquo;il joue aux autres, c&rsquo;est Jack Frost.<\/figcaption><\/figure>\n<p>Jack Frost est une personnification populaire de l&rsquo;hiver, probablement d&rsquo;origine anglo-saxonne et nordique. Il est un synonyme du retour soudain du temps froid et est tenu responsable des temp\u00eates de neige et des catastrophes. Le Jack Frost am\u00e9ricain a fondamentalement les m\u00eames pouvoirs que le P\u00e8re Gel russe. Cependant, leurs caract\u00e8res diff\u00e8rent consid\u00e9rablement : Jack Frost se comporte comme un enfant. Il aime jouer des tours, qui peuvent cependant devenir tr\u00e8s dangereux et parfois entra\u00eener la mort par le gel. Il n&rsquo;en est cependant pas conscient. Il est impr\u00e9visible, impatient et irresponsable. Il est donc g\u00e9n\u00e9ralement repr\u00e9sent\u00e9 comme un adolescent ou un jeune homme.       <\/p>\n<p>Dans le conte de Hans Christian Andersen, un gar\u00e7on re\u00e7oit un \u00e9clat de glace de la reine des neiges dans l&rsquo;\u0153il et son c\u0153ur se transforme en glace. En cons\u00e9quence, il devient froid, cruel et arrogant. Seules les larmes de son amie Gerda, qui s&rsquo;est mise en route pour sauver son ami, font fondre son c\u0153ur gel\u00e9 et ensemble, ils s&rsquo;\u00e9chappent du royaume de la reine des neiges. Dans la version de Hans Christian Andersen de Jack Frost, sa propre jeunesse, au cours de laquelle il a perdu ses parents, joue un r\u00f4le.   <\/p>\n<p>Dans les <a href=\"https:\/\/bundesamt-magische-wesen.de\/shop\/die-chroniken-von-narnia-von-clive-s-lewis\/\" target=\"_blank\" rel=\"noopener\">romans de Narnia de C. S. Lewis<\/a>, le personnage de la reine des neiges appara\u00eet \u00e9galement, manipulant le plus jeune fr\u00e8re d&rsquo;un quatuor de fr\u00e8res et s\u0153urs, qui se sent mis \u00e0 l&rsquo;\u00e9cart, et l&rsquo;attirant \u00e0 ses c\u00f4t\u00e9s en tant que souverain. Lui aussi subit une transformation et revient purifi\u00e9 vers ses fr\u00e8res et s\u0153urs. <\/p>\n<h3>Priorit\u00e9 aux portraits<\/h3>\n<figure id=\"attachment_8846\" aria-describedby=\"caption-attachment-8846\" style=\"width: 300px\" class=\"wp-caption alignright\"><img decoding=\"async\" class=\"wp-image-3729 size-medium\" title=\"L'accent du prochain shooting de mod\u00e8les est mis sur le portrait et le fantastique.\" src=\"https:\/\/fantasy-model.de\/wp-content\/uploads\/\/AdobeStock_1025907750-300x200.jpg\" alt=\"L'accent du prochain shooting de mod\u00e8les est mis sur le portrait et le fantastique.\" width=\"300\" height=\"200\" srcset=\"https:\/\/fantasy-model.de\/wp-content\/uploads\/AdobeStock_1025907750-300x200.jpg 300w, https:\/\/fantasy-model.de\/wp-content\/uploads\/AdobeStock_1025907750-150x100.jpg 150w, https:\/\/fantasy-model.de\/wp-content\/uploads\/AdobeStock_1025907750-768x512.jpg 768w, https:\/\/fantasy-model.de\/wp-content\/uploads\/AdobeStock_1025907750-1536x1024.jpg 1536w, https:\/\/fantasy-model.de\/wp-content\/uploads\/AdobeStock_1025907750.jpg 1600w\" sizes=\"(max-width: 300px) 100vw, 300px\" \/><figcaption id=\"caption-attachment-8846\" class=\"wp-caption-text\">L&rsquo;accent du prochain shooting de mod\u00e8les est mis sur le portrait et le fantastique.<\/figcaption><\/figure>\n<p>Pour le shooting photo, si le temps le permet en janvier ou f\u00e9vrier, des prises de vue de fond auront lieu dans l&rsquo;environnement hivernal de la Rheinaue \u00e0 Bonn. Mais l&rsquo;accent est mis sur les portraits, car c&rsquo;est un d\u00e9fi int\u00e9ressant pour nos maquilleurs d&rsquo;unir les attributs de la glace, de la neige et du froid avec <a href=\"https:\/\/fantasy-model.de\/de\/talent\/frederik-schrade\/\">l&rsquo;arrogance juv\u00e9nile<\/a>, la froideur \u00e9motionnelle et l&rsquo;attractivit\u00e9 masculine et de les mettre en valeur dans un portrait atmosph\u00e9rique. <\/p>\n<p>Nous recherchons des mod\u00e8les capables de se mettre dans la peau des personnages de Jack Frost, d&rsquo;un <a href=\"https:\/\/fantasy-model.de\/de\/fantasy-fotoshootings-fuer-maennliche-models\/\">d\u00e9mon hivernal<\/a> ou d&rsquo;un roi des neiges. Diff\u00e9rentes poses et expressions sont n\u00e9cessaires pour repr\u00e9senter la profondeur \u00e9motionnelle de ces personnages. Cela inclut \u00e9galement une utilisation intensive de nos maquilleurs pour r\u00e9interpr\u00e9ter la figure fantastique de Jack Frost de mani\u00e8re appropri\u00e9e pour chaque mod\u00e8le. Les couleurs dominantes dans le d\u00e9cor sont le blanc et le bleu. De m\u00eame, un sceptre, une couronne avec des \u00e9l\u00e9ments floraux et des cristaux ainsi qu&rsquo;un fauteuil de tr\u00f4ne font partie du d\u00e9cor. Et nous exp\u00e9rimentons avec des effets sp\u00e9ciaux dans la vid\u00e9o.     <\/p>\n<p>Les d\u00e9tails exacts concernant le lieu et la date seront communiqu\u00e9s aux mod\u00e8les s\u00e9lectionn\u00e9s en temps utile. Nous attachons de l&rsquo;importance \u00e0 une collaboration cr\u00e9ative &#8211; pas seulement pour ce <a href=\"https:\/\/fantasy-model.de\">shooting fantastique<\/a> &#8211; et nous nous r\u00e9jouissons de nouvelles id\u00e9es et interpr\u00e9tations des personnages. <\/p>\n<figure id=\"attachment_8842\" aria-describedby=\"caption-attachment-8842\" style=\"width: 300px\" class=\"wp-caption alignright\"><img decoding=\"async\" class=\"wp-image-3728 size-medium\" title=\"Avec l'autorisation des parents, les mod\u00e8les de moins de 18 ans peuvent \u00e9galement participer au shooting.\" src=\"https:\/\/fantasy-model.de\/wp-content\/uploads\/\/AdobeStock_1025907843-300x200.jpg\" alt=\"Avec l'autorisation des parents, les mod\u00e8les de moins de 18 ans peuvent \u00e9galement participer au shooting.\" width=\"300\" height=\"200\" srcset=\"https:\/\/fantasy-model.de\/wp-content\/uploads\/AdobeStock_1025907843-300x200.jpg 300w, https:\/\/fantasy-model.de\/wp-content\/uploads\/AdobeStock_1025907843-150x100.jpg 150w, https:\/\/fantasy-model.de\/wp-content\/uploads\/AdobeStock_1025907843-768x512.jpg 768w, https:\/\/fantasy-model.de\/wp-content\/uploads\/AdobeStock_1025907843-1536x1024.jpg 1536w, https:\/\/fantasy-model.de\/wp-content\/uploads\/AdobeStock_1025907843.jpg 1600w\" sizes=\"(max-width: 300px) 100vw, 300px\" \/><figcaption id=\"caption-attachment-8842\" class=\"wp-caption-text\">Avec l&rsquo;autorisation des parents, les mod\u00e8les de moins de 18 ans peuvent \u00e9galement participer au shooting.<\/figcaption><\/figure>\n<p>Si tu es donc int\u00e9ress\u00e9, n&rsquo;h\u00e9site pas \u00e0 postuler !<\/p>\n<p>Pour les mod\u00e8les de moins de 18 ans, il va de soi que le consentement \u00e9crit des parents doit \u00eatre fourni. Un parent peut bien s\u00fbr \u00eatre pr\u00e9sent lors du shooting et du tournage vid\u00e9o. Un contrat de mannequinat pr\u00e9cise \u00e0 quoi servent les photos. Chaque mod\u00e8le re\u00e7oit une s\u00e9lection des photos pour une utilisation gratuite.   <\/p>\n<h4>Que se passe-t-il avec les photos et les enregistrements ?<\/h4>\n<p>Les photos et s\u00e9quences vid\u00e9o cr\u00e9\u00e9es pour le projet Jack Frost seront utilis\u00e9es sur le portail de la maison d&rsquo;\u00e9dition Bundesamt f\u00fcr magische Wesen et leurs r\u00e9seaux sociaux pour des articles sur le th\u00e8me de la fantasy et de la litt\u00e9rature. Un projet de calendrier caritatif pour l&rsquo;ann\u00e9e 2026 est \u00e9galement en discussion. <\/p>\n<p>Envoie-nous jusqu&rsquo;au 30 janvier 2025 une br\u00e8ve candidature avec un selfie et les indications des tailles de confection de tes chemises, pantalons et chaussures \u00e0 shooting@fantasy-model.de<\/p>\n<p>&nbsp;<\/p>\n<p>&nbsp;<\/p>\n","protected":false},"excerpt":{"rendered":"<p>Shooting de portrait et en studio dans un d\u00e9cor glacial en ext\u00e9rieur et dans les studios \u00e0 Wuppertal et Bonn<\/p>\n","protected":false},"author":4,"featured_media":8834,"comment_status":"open","ping_status":"open","sticky":false,"template":"","format":"standard","meta":{"footnotes":"","_members_access_role":[],"_members_access_error":""},"categories":[198],"tags":[487,536,492,448,429,436,358],"class_list":["post-9212","post","type-post","status-publish","format-standard","has-post-thumbnail","hentry","category-seances-photo-fantastiques","tag-demon-de-glace","tag-gel","tag-glace","tag-jack-frost-fr","tag-neige","tag-roi-des-neiges","tag-winter-fr"],"_links":{"self":[{"href":"https:\/\/fantasy-model.de\/fr\/wp-json\/wp\/v2\/posts\/9212","targetHints":{"allow":["GET"]}}],"collection":[{"href":"https:\/\/fantasy-model.de\/fr\/wp-json\/wp\/v2\/posts"}],"about":[{"href":"https:\/\/fantasy-model.de\/fr\/wp-json\/wp\/v2\/types\/post"}],"author":[{"embeddable":true,"href":"https:\/\/fantasy-model.de\/fr\/wp-json\/wp\/v2\/users\/4"}],"replies":[{"embeddable":true,"href":"https:\/\/fantasy-model.de\/fr\/wp-json\/wp\/v2\/comments?post=9212"}],"version-history":[{"count":0,"href":"https:\/\/fantasy-model.de\/fr\/wp-json\/wp\/v2\/posts\/9212\/revisions"}],"wp:featuredmedia":[{"embeddable":true,"href":"https:\/\/fantasy-model.de\/fr\/wp-json\/wp\/v2\/media\/8834"}],"wp:attachment":[{"href":"https:\/\/fantasy-model.de\/fr\/wp-json\/wp\/v2\/media?parent=9212"}],"wp:term":[{"taxonomy":"category","embeddable":true,"href":"https:\/\/fantasy-model.de\/fr\/wp-json\/wp\/v2\/categories?post=9212"},{"taxonomy":"post_tag","embeddable":true,"href":"https:\/\/fantasy-model.de\/fr\/wp-json\/wp\/v2\/tags?post=9212"}],"curies":[{"name":"wp","href":"https:\/\/api.w.org\/{rel}","templated":true}]}}