{"id":9224,"date":"2024-06-09T21:44:54","date_gmt":"2024-06-09T19:44:54","guid":{"rendered":"https:\/\/fantasy-model.de\/un-stage-en-tant-que-jeune-mannequin-pour-dark-fashion\/"},"modified":"2024-06-09T21:44:54","modified_gmt":"2024-06-09T19:44:54","slug":"un-stage-en-tant-que-jeune-mannequin-pour-dark-fashion","status":"publish","type":"post","link":"https:\/\/fantasy-model.de\/fr\/un-stage-en-tant-que-jeune-mannequin-pour-dark-fashion\/","title":{"rendered":"Un stage en tant que jeune mannequin pour Dark Fashion"},"content":{"rendered":"<figure id=\"attachment_5522\" aria-describedby=\"caption-attachment-5522\" style=\"width: 300px\" class=\"wp-caption alignright\"><a href=\"https:\/\/fantasy-model.de\/wp-content\/uploads\/\/Parents@Work-CoJoBo-14-300x225.jpg\" target=\"_blank\" rel=\"noopener\"><img fetchpriority=\"high\" decoding=\"async\" class=\"wp-image-2896 size-medium\" title=\"Un stage en tant que jeune mannequin pour Dark Fashion dans le style victorien (photo : Barbara Frommann)\" src=\"https:\/\/fantasy-model.de\/wp-content\/uploads\/\/Parents@Work-CoJoBo-14-300x225.jpg\" alt=\"Un stage en tant que jeune mannequin pour Dark Fashion dans le style victorien (photo : Barbara Frommann)\" width=\"300\" height=\"225\" srcset=\"https:\/\/fantasy-model.de\/wp-content\/uploads\/Parents@Work-CoJoBo-14-300x225.jpg 300w, https:\/\/fantasy-model.de\/wp-content\/uploads\/Parents@Work-CoJoBo-14-150x113.jpg 150w, https:\/\/fantasy-model.de\/wp-content\/uploads\/Parents@Work-CoJoBo-14-768x576.jpg 768w, https:\/\/fantasy-model.de\/wp-content\/uploads\/Parents@Work-CoJoBo-14-1536x1152.jpg 1536w, https:\/\/fantasy-model.de\/wp-content\/uploads\/Parents@Work-CoJoBo-14.jpg 1600w\" sizes=\"(max-width: 300px) 100vw, 300px\" \/><\/a><figcaption id=\"caption-attachment-5522\" class=\"wp-caption-text\">Un stage en tant que jeune mannequin pour Dark Fashion dans le style victorien (photo : Barbara Frommann)<\/figcaption><\/figure>\n<p>Une m\u00e8re, qui \u00e9tait avec sa famille invit\u00e9e \u00e0 l&rsquo;une de nos manifestations avec le t\u00e9moin de l&rsquo;\u00e9poque nazie <a href=\"https:\/\/von-ganz-ganz-unten.de\/\" target=\"_blank\" rel=\"noopener\">Ivar Buterfas-Frankenthal<\/a>, a demand\u00e9 quelques semaines plus tard si son fils de 15 ans, <a href=\"https:\/\/fantasy-model.de\/de\/talent\/frederik-schrade\/\">Frederik Schrade<\/a>, pouvait faire un stage chez nous. On l&rsquo;a rappel\u00e9, le gar\u00e7on \u00e9tait directement au t\u00e9l\u00e9phone et a obtenu une promesse de participation au prochain <a href=\"https:\/\/fantasy-model.de\/de\/casting-call-fuer-jack-frost\/\">Modelshooting<\/a>, en tant que jeune mannequin. <\/p>\n<p>Mais auparavant, une r\u00e9union commune dans nos bureaux \u00e9tait pr\u00e9vue, car nous discutons bien s\u00fbr d&rsquo;un <a href=\"https:\/\/fantasy-model.de\/de\/male-models-fragen-modelshooting\/\">Modelshooting avec un adolescent<\/a> avec les parents ou tuteurs.<\/p>\n<h2>Stage en tant que jeune mannequin dans le style victorien<\/h2>\n<p>Quel motif sera choisi, dans quel environnement et \u00e0 quelle heure aura lieu le <a href=\"https:\/\/fantasy-model.de\/\">Modelshooting<\/a>&nbsp;? Le gar\u00e7on devait s&rsquo;y sentir bien, s&rsquo;amuser et apprendre quelque chose. Il devait &#8211; c&rsquo;est le sens de la s\u00e9rie de stages Parents@Work du Collegium Josephinum, o\u00f9 il va \u00e0 l&rsquo;\u00e9cole &#8211; avoir un aper\u00e7u des professions de <a href=\"https:\/\/fantasy-model.de\/de\/talent\/barbara-frommann\/\">photographe<\/a> et de maquilleuse chez nous.  <\/p>\n<p>Tout d&rsquo;abord, une visite chez Boudoir Noir \u00e9tait pr\u00e9vue, une boutique en ligne pour le gothique et la Dark Fashion. Il avait d&rsquo;abord fallu un peu de persuasion, car le style gothique n&rsquo;est pas le style habituel qu&rsquo;il porte. Mais c&rsquo;est aussi le but d&rsquo;un stage. Essayer quelque chose d&rsquo;inhabituel, ma\u00eetriser une situation initialement \u00e9trang\u00e8re et s&rsquo;essayer \u00e0 un nouveau r\u00f4le. Frederic avait choisi des chemises et des pantalons qui feraient de lui un jeune vampire cool dans un style victorien sombre et \u00e9l\u00e9gant.    <\/p>\n<p>R\u00e9sultat&nbsp;: nous avons maintenant un jeune mannequin. Et Frederik Schrade peut s&rsquo;imaginer continuer \u00e0 faire du mannequinat. Comme job de vacances ou job d&rsquo;\u00e9tudiant, par exemple pour Urban Street Style, mais aussi pour d&rsquo;autres shootings de fantasy.  <\/p>\n<p>Mannequin&nbsp;: Frederik Schrade, Bonn<br \/>\nPhotographe&nbsp;: Barbara Frommann, Bornheim<br \/>\nMaquilleuse&nbsp;: <a href=\"https:\/\/www.emilia-keil.de\/\" target=\"_blank\" rel=\"noopener\">Emilia Keil, Bornheim<\/a><br \/>\nTextiles&nbsp;: <a href=\"https:\/\/www.boudoir-noir.de\/\" target=\"_blank\" rel=\"noopener\">Boudoir Noir, Ebersbach<\/a><br \/>\nLieu&nbsp;: Ancien cimeti\u00e8re avec la chapelle Georg, Bonn<\/p>\n<p>&nbsp;<\/p>\n<h3 data-start=\"184\" data-end=\"261\"><strong data-start=\"184\" data-end=\"261\">Stage dans un studio photo&nbsp;: d\u00e9couvre le monde derri\u00e8re la cam\u00e9ra \u2013 et devant&nbsp;!<\/strong><\/h3>\n<figure id=\"attachment_8446\" aria-describedby=\"caption-attachment-8446\" style=\"width: 300px\" class=\"wp-caption alignright\"><a href=\"https:\/\/fantasy-model.de\/wp-content\/uploads\/\/BAfmW-Alter-Friedhof-054-300x200.jpg\" target=\"_blank\" rel=\"noopener\"><img decoding=\"async\" class=\"wp-image-3629 size-medium\" title=\"Deux jeunes mannequins masculins, disponibles pour des s\u00e9ances de photos dans le domaine de la mode, par exemple pour la mode gothique et Dark Fashion dans le style victorien.\" src=\"https:\/\/fantasy-model.de\/wp-content\/uploads\/\/BAfmW-Alter-Friedhof-054-300x200.jpg\" alt=\"Deux jeunes mannequins masculins, disponibles pour des s\u00e9ances de photos dans le domaine de la mode, par exemple pour la mode gothique et Dark Fashion dans le style victorien.\" width=\"300\" height=\"200\" srcset=\"https:\/\/fantasy-model.de\/wp-content\/uploads\/BAfmW-Alter-Friedhof-054-300x200.jpg 300w, https:\/\/fantasy-model.de\/wp-content\/uploads\/BAfmW-Alter-Friedhof-054-1800x1200.jpg 1800w, https:\/\/fantasy-model.de\/wp-content\/uploads\/BAfmW-Alter-Friedhof-054-150x100.jpg 150w, https:\/\/fantasy-model.de\/wp-content\/uploads\/BAfmW-Alter-Friedhof-054-768x512.jpg 768w, https:\/\/fantasy-model.de\/wp-content\/uploads\/BAfmW-Alter-Friedhof-054-1536x1024.jpg 1536w, https:\/\/fantasy-model.de\/wp-content\/uploads\/BAfmW-Alter-Friedhof-054.jpg 1920w\" sizes=\"(max-width: 300px) 100vw, 300px\" \/><\/a><figcaption id=\"caption-attachment-8446\" class=\"wp-caption-text\">Deux jeunes mannequins masculins, disponibles pour des s\u00e9ances de photos dans le domaine de la mode, par exemple pour la mode gothique et Dark Fashion dans le style victorien.<\/figcaption><\/figure>\n<p data-start=\"263\" data-end=\"489\">Tu as 16 ans ou plus et tu t&rsquo;int\u00e9resses \u00e0 la photographie, au stylisme ou tu veux simplement savoir ce qui se passe vraiment lors d&rsquo;une s\u00e9ance de photos professionnelle&nbsp;? Alors, un stage dans un studio photo est exactement ce qu&rsquo;il te faut&nbsp;! <\/p>\n<p data-start=\"491\" data-end=\"585\">Chez Sprungbrett BAfmW, tu as la chance de d\u00e9couvrir de pr\u00e8s trois m\u00e9tiers passionnants&nbsp;:<\/p>\n<p data-start=\"587\" data-end=\"846\">\ud83d\udcf8 <strong data-start=\"590\" data-end=\"629\">Photographe \u2013 le regard pour le particulier<\/strong><br data-start=\"629\" data-end=\"632\">Apprends \u00e0 faire des photos impressionnantes avec la lumi\u00e8re, la perspective et la technique. Tu peux aider \u00e0 de vraies s\u00e9ances de photos, utiliser l&rsquo;appareil photo, installer le d\u00e9cor et apprendre comment une id\u00e9e devient une image forte. <\/p>\n<p data-start=\"848\" data-end=\"1104\">\ud83c\udfad <strong data-start=\"851\" data-end=\"898\">Maquilleur \u2013 l&rsquo;artiste en arri\u00e8re-plan<\/strong><br data-start=\"898\" data-end=\"901\">Ici, il s&rsquo;agit de plus que du maquillage&nbsp;: tu vois comment des looks sont cr\u00e9\u00e9s avec des pinceaux, de la couleur et de la cr\u00e9ativit\u00e9 \u2013 du naturel au fou. Tu peux regarder ou m\u00eame essayer toi-m\u00eame de petites manipulations. <\/p>\n<p data-start=\"1106\" data-end=\"1363\">\ud83d\udca1 <strong data-start=\"1109\" data-end=\"1149\">Mannequin \u2013 Confiant devant la cam\u00e9ra<\/strong><br data-start=\"1149\" data-end=\"1152\">Tu veux savoir comment les mannequins travaillent&nbsp;? Chez nous, tu auras un aper\u00e7u de la fa\u00e7on de bien poser, de manipuler l&rsquo;appareil photo et d&rsquo;\u00eatre s\u00fbr de toi lors d&rsquo;un stage. Qui sait \u2013 peut-\u00eatre as-tu m\u00eame <a href=\"https:\/\/fantasy-model.de\/de\/model-bei-sprungbrett-bafmw\/\">du talent pour le mannequinat<\/a>&nbsp;?  <\/p>\n<p data-start=\"1365\" data-end=\"1398\"><strong data-start=\"1365\" data-end=\"1396\">Ce que tu dois apporter&nbsp;:<\/strong><\/p>\n<ul data-start=\"1399\" data-end=\"1524\">\n<li data-start=\"1399\" data-end=\"1424\">\n<p data-start=\"1401\" data-end=\"1424\">Curiosit\u00e9 et ouverture d&rsquo;esprit<\/p>\n<\/li>\n<li data-start=\"1425\" data-end=\"1448\">\n<p data-start=\"1427\" data-end=\"1448\">Int\u00e9r\u00eat cr\u00e9atif<\/p>\n<\/li>\n<li data-start=\"1449\" data-end=\"1462\">\n<p data-start=\"1451\" data-end=\"1462\">Esprit d&rsquo;\u00e9quipe<\/p>\n<\/li>\n<li data-start=\"1463\" data-end=\"1524\">\n<p data-start=\"1465\" data-end=\"1524\">Pas peur de passer soi-m\u00eame devant la cam\u00e9ra<\/p>\n<\/li>\n<\/ul>\n<p data-start=\"1526\" data-end=\"1548\"><strong data-start=\"1526\" data-end=\"1546\">Ce que tu obtiens&nbsp;:<\/strong><\/p>\n<ul data-start=\"1549\" data-end=\"1729\">\n<li data-start=\"1549\" data-end=\"1586\">\n<p data-start=\"1551\" data-end=\"1586\">Un aper\u00e7u des mondes professionnels cr\u00e9atifs<\/p>\n<\/li>\n<li data-start=\"1587\" data-end=\"1624\">\n<p data-start=\"1589\" data-end=\"1624\">Premi\u00e8res exp\u00e9riences dans la vie quotidienne d&rsquo;un studio<\/p>\n<\/li>\n<li data-start=\"1625\" data-end=\"1663\">\n<p data-start=\"1627\" data-end=\"1663\">Des conseils et des astuces de vrais professionnels<\/p>\n<\/li>\n<li data-start=\"1664\" data-end=\"1729\">\n<p data-start=\"1666\" data-end=\"1729\">Des impressions cool \u2013 et peut-\u00eatre m\u00eame quelques photos de toi&nbsp;!<\/p>\n<\/li>\n<\/ul>\n<hr data-start=\"1731\" data-end=\"1734\">\n<p data-start=\"1736\" data-end=\"1831\"><strong data-start=\"1736\" data-end=\"1754\">Envie de t&rsquo;y mettre&nbsp;?<\/strong>  Alors postule d\u00e8s maintenant pour un stage et d\u00e9couvre ton talent cr\u00e9atif&nbsp;!<\/p>\n","protected":false},"excerpt":{"rendered":"<p>De l&rsquo;\u00e9l\u00e8ve de 15 ans au jeune vampire dans l&rsquo;ancien cimeti\u00e8re de Bonn<\/p>\n","protected":false},"author":4,"featured_media":5450,"comment_status":"open","ping_status":"open","sticky":false,"template":"","format":"standard","meta":{"footnotes":"","_members_access_role":[],"_members_access_error":""},"categories":[198,202],"tags":[247,250,555,311,335],"class_list":["post-9224","post","type-post","status-publish","format-standard","has-post-thumbnail","hentry","category-seances-photo-fantastiques","category-seances-photo-de-mode","tag-bonn-fr","tag-boudoir-noir-fr","tag-chapelle-saint-georges-de-bonn","tag-mode-sombre","tag-vampire-fr"],"_links":{"self":[{"href":"https:\/\/fantasy-model.de\/fr\/wp-json\/wp\/v2\/posts\/9224","targetHints":{"allow":["GET"]}}],"collection":[{"href":"https:\/\/fantasy-model.de\/fr\/wp-json\/wp\/v2\/posts"}],"about":[{"href":"https:\/\/fantasy-model.de\/fr\/wp-json\/wp\/v2\/types\/post"}],"author":[{"embeddable":true,"href":"https:\/\/fantasy-model.de\/fr\/wp-json\/wp\/v2\/users\/4"}],"replies":[{"embeddable":true,"href":"https:\/\/fantasy-model.de\/fr\/wp-json\/wp\/v2\/comments?post=9224"}],"version-history":[{"count":0,"href":"https:\/\/fantasy-model.de\/fr\/wp-json\/wp\/v2\/posts\/9224\/revisions"}],"wp:featuredmedia":[{"embeddable":true,"href":"https:\/\/fantasy-model.de\/fr\/wp-json\/wp\/v2\/media\/5450"}],"wp:attachment":[{"href":"https:\/\/fantasy-model.de\/fr\/wp-json\/wp\/v2\/media?parent=9224"}],"wp:term":[{"taxonomy":"category","embeddable":true,"href":"https:\/\/fantasy-model.de\/fr\/wp-json\/wp\/v2\/categories?post=9224"},{"taxonomy":"post_tag","embeddable":true,"href":"https:\/\/fantasy-model.de\/fr\/wp-json\/wp\/v2\/tags?post=9224"}],"curies":[{"name":"wp","href":"https:\/\/api.w.org\/{rel}","templated":true}]}}