{"id":9238,"date":"2020-05-14T22:17:53","date_gmt":"2020-05-14T20:17:53","guid":{"rendered":"https:\/\/fantasy-model.de\/les-grottes-de-fees-en-saxe-anhalt-un-endroit-magnifique-pour-les-seances-photos-et-les-tournages-fantastiques\/"},"modified":"2020-05-14T22:17:53","modified_gmt":"2020-05-14T20:17:53","slug":"les-grottes-de-fees-en-saxe-anhalt-un-endroit-magnifique-pour-les-seances-photos-et-les-tournages-fantastiques","status":"publish","type":"post","link":"https:\/\/fantasy-model.de\/fr\/les-grottes-de-fees-en-saxe-anhalt-un-endroit-magnifique-pour-les-seances-photos-et-les-tournages-fantastiques\/","title":{"rendered":"Les grottes de f\u00e9es en Saxe-Anhalt &#8211; un endroit magnifique pour les s\u00e9ances photos et les tournages fantastiques"},"content":{"rendered":"<p>Hier, avec notre photographe Barbara Frommann, nous avons visit\u00e9 un lieu en Saxe-Anhalt pour une <a href=\"https:\/\/fantasy-model.de\/\">s\u00e9ance photo fantastique<\/a> pour l&rsquo;Office f\u00e9d\u00e9ral des cr\u00e9atures magiques.<br \/>\nDiverses id\u00e9es avec des bodypaintings r\u00e9fl\u00e9chissants, des tribals, de la lumi\u00e8re noire, du mat\u00e9riel fantastique ont \u00e9t\u00e9 discut\u00e9es. Nos mod\u00e8les masculins sont impliqu\u00e9s dans la planification, ils doivent \u00eatre relook\u00e9s en d\u00e9mon et en loup-garou et pr\u00e9sent\u00e9s dans la grotte sombre. <\/p>\n<p>Pour plaisanter, une recherche d&rsquo;images sur Google avec le mot-cl\u00e9 Pierre et Gilles a \u00e9t\u00e9 recommand\u00e9e \u00e0 la photographe.<br \/>\n<a href=\"https:\/\/fantasy-model.de\/de\/probeaufnahmen-fuer-amtskalender-mit-vampirluder\/\">Barbara Frommann<\/a> cherche et trouve&#8230;<\/p>\n<h2>Lieu Grottes de f\u00e9es et mise en sc\u00e8ne des mod\u00e8les<\/h2>\n<p>On se demande, en regardant le lieu, comment mettre en sc\u00e8ne les <a href=\"https:\/\/fantasy-model.de\/de\/model-bei-sprungbrett-bafmw\/\">mod\u00e8les<\/a>. Quel d\u00e9cor, quel \u00e9quipement et quel \u00e9clairage conviennent pour une s\u00e9ance photo dans une <a href=\"https:\/\/fantasy-model.de\/de\/mit-dem-daemon-in-der-dechenhoehle\/\">grotte de stalactites<\/a>. <\/p>\n<p>Notre photographe est l\u00e9g\u00e8rement choqu\u00e9e, les \u0153uvres de <a href=\"http:\/\/www.artnet.de\/k%C3%BCnstler\/pierre-et-gilles\/\" target=\"_blank\" rel=\"noopener\">Pierre et Gilles<\/a> sont tellement kitsch-gay que tout en elle se rebelle. Question d&rsquo;art et de kitsch gay et tout le reste.<br \/>\nPour plaisanter, j&rsquo;ai parl\u00e9 avec nos mod\u00e8les, donn\u00e9 des mots-cl\u00e9s, les gar\u00e7ons cherchent Pierre et Gilles sur Google. Ils sont tr\u00e8s enthousiastes. Le BAfmW et ses mod\u00e8les veulent \u00e7a !   <\/p>\n<p>Nouvel appel t\u00e9l\u00e9phonique avec la photographe.<br \/>\nJe commence prudemment&#8230;<br \/>\n\u00ab Barbara, tu dois \u00eatre tr\u00e8s courageuse maintenant&#8230; \u00bb<\/p>\n<h3>D\u00e9cision prise contre les grottes de f\u00e9es<\/h3>\n<p>Post-scriptum : Finalement, nous avons opt\u00e9 pour la Dechenh\u00f6hle \u00e0 Iserlohn comme lieu pour nos s\u00e9ances photos fantastiques, notamment parce que dans l&rsquo;est de l&rsquo;Allemagne, le parti d&rsquo;extr\u00eame droite AfD et l&rsquo;extr\u00e9misme de droite gagnent de plus en plus de terrain et que le projet Sprungbrett BAfmW veille toujours \u00e0 travailler dans un environnement s\u00fbr pour ses mod\u00e8les.<\/p>\n","protected":false},"excerpt":{"rendered":"<p>Les grottes de f\u00e9es en Saxe-Anhalt &#8211; un endroit magnifique pour les s\u00e9ances photos et les tournages fantastiques<\/p>\n","protected":false},"author":4,"featured_media":6510,"comment_status":"open","ping_status":"open","sticky":false,"template":"","format":"standard","meta":{"footnotes":"","_members_access_role":[],"_members_access_error":""},"categories":[198],"tags":[513,421],"class_list":["post-9238","post","type-post","status-publish","format-standard","has-post-thumbnail","hentry","category-seances-photo-fantastiques","tag-grottes-de-fees","tag-saxe-anhalt"],"_links":{"self":[{"href":"https:\/\/fantasy-model.de\/fr\/wp-json\/wp\/v2\/posts\/9238","targetHints":{"allow":["GET"]}}],"collection":[{"href":"https:\/\/fantasy-model.de\/fr\/wp-json\/wp\/v2\/posts"}],"about":[{"href":"https:\/\/fantasy-model.de\/fr\/wp-json\/wp\/v2\/types\/post"}],"author":[{"embeddable":true,"href":"https:\/\/fantasy-model.de\/fr\/wp-json\/wp\/v2\/users\/4"}],"replies":[{"embeddable":true,"href":"https:\/\/fantasy-model.de\/fr\/wp-json\/wp\/v2\/comments?post=9238"}],"version-history":[{"count":0,"href":"https:\/\/fantasy-model.de\/fr\/wp-json\/wp\/v2\/posts\/9238\/revisions"}],"wp:featuredmedia":[{"embeddable":true,"href":"https:\/\/fantasy-model.de\/fr\/wp-json\/wp\/v2\/media\/6510"}],"wp:attachment":[{"href":"https:\/\/fantasy-model.de\/fr\/wp-json\/wp\/v2\/media?parent=9238"}],"wp:term":[{"taxonomy":"category","embeddable":true,"href":"https:\/\/fantasy-model.de\/fr\/wp-json\/wp\/v2\/categories?post=9238"},{"taxonomy":"post_tag","embeddable":true,"href":"https:\/\/fantasy-model.de\/fr\/wp-json\/wp\/v2\/tags?post=9238"}],"curies":[{"name":"wp","href":"https:\/\/api.w.org\/{rel}","templated":true}]}}