{"id":2696,"date":"2024-06-09T21:44:54","date_gmt":"2024-06-09T19:44:54","guid":{"rendered":"https:\/\/fantasy-model.de\/?p=2696"},"modified":"2025-07-19T14:40:29","modified_gmt":"2025-07-19T12:40:29","slug":"ein-praktikum-als-jungmodel-fuer-dark-fashion","status":"publish","type":"post","link":"https:\/\/fantasy-model.de\/pl\/ein-praktikum-als-jungmodel-fuer-dark-fashion\/","title":{"rendered":"Ein Praktikum als Jungsmodel f\u00fcr Dark Fashion"},"content":{"rendered":"<figure id=\"attachment_2896\" aria-describedby=\"caption-attachment-2896\" style=\"width: 300px\" class=\"wp-caption alignright\"><a href=\"https:\/\/fantasy-model.de\/wp-content\/uploads\/Parents@Work-CoJoBo-14.jpg\" target=\"_blank\" rel=\"noopener\"><img fetchpriority=\"high\" decoding=\"async\" class=\"wp-image-2896 size-medium\" title=\"Ein Praktikum als Jungsmodel f\u00fcr Dark Fashion im Victorian Style (Foto: Barbara Frommann)\" src=\"https:\/\/fantasy-model.de\/wp-content\/uploads\/Parents@Work-CoJoBo-14-300x225.jpg\" alt=\"Ein Praktikum als Jungsmodel f\u00fcr Dark Fashion im Victorian Style (Foto: Barbara Frommann)\" width=\"300\" height=\"225\" srcset=\"https:\/\/fantasy-model.de\/wp-content\/uploads\/Parents@Work-CoJoBo-14-300x225.jpg 300w, https:\/\/fantasy-model.de\/wp-content\/uploads\/Parents@Work-CoJoBo-14-150x113.jpg 150w, https:\/\/fantasy-model.de\/wp-content\/uploads\/Parents@Work-CoJoBo-14-768x576.jpg 768w, https:\/\/fantasy-model.de\/wp-content\/uploads\/Parents@Work-CoJoBo-14-1536x1152.jpg 1536w, https:\/\/fantasy-model.de\/wp-content\/uploads\/Parents@Work-CoJoBo-14.jpg 1600w\" sizes=\"(max-width: 300px) 100vw, 300px\" \/><\/a><figcaption id=\"caption-attachment-2896\" class=\"wp-caption-text\">Ein Praktikum als Jungsmodel f\u00fcr Dark Fashion im Victorian Style (Foto: Barbara Frommann)<\/figcaption><\/figure>\n<p>Eine Mutter, die mit ihrer Familie Gast einer unserer Veranstaltungen mit dem NS-Zeitzeugen <a href=\"https:\/\/von-ganz-ganz-unten.de\/\" target=\"_blank\" rel=\"noopener\">Ivar Buterfas-Frankenthal<\/a> war, fragte einige Wochen sp\u00e4ter, ob ihr 15-j\u00e4hriger Sohn <a href=\"https:\/\/fantasy-model.de\/talent\/frederik-schrade\/\">Frederik Schrade<\/a> bei uns ein Praktikum machen k\u00f6nnte. Es wurde zur\u00fcckgerufen, der Junge war direkt am Telefon und bekam eine Zusage f\u00fcr die Teilnahme am n\u00e4chsten <a href=\"https:\/\/fantasy-model.de\/casting-call-fuer-jack-frost\/\">Modelshooting<\/a> und zwar als Jungsmodel.<\/p>\n<p>Aber zuvor stand eine gemeinsame Besprechung bei uns im B\u00fcro an, denn ein <a href=\"https:\/\/fantasy-model.de\/male-models-fragen-modelshooting\/\">Modelshooting mit einem Teenager<\/a> sprechen wir nat\u00fcrlich mit den Erziehungsberechtigten ab.<\/p>\n<h2>Praktikum als Jungsmodel im Victorian Style<\/h2>\n<p>Was f\u00fcr ein Motiv wird gew\u00e4hlt, in welcher Umgebung und zu welcher Uhrzeit findet das <a href=\"https:\/\/fantasy-model.de\/\">Modelshooting<\/a> statt? Der Junge sollte sich wohl dabei f\u00fchlen, Spa\u00df haben und etwas lernen. Er sollte &#8211; das ist der Sinn der Praktikumsreihe Parents@Work des Collegium Josephinum, wo er zur Schule geht &#8211; bei uns einen Einblick bekommen in die Berufsfelder <a href=\"https:\/\/fantasy-model.de\/talent\/barbara-frommann\/\">Fotograf<\/a> und Maskenbildnerin.<\/p>\n<p>Zuerst stand ein Besuch bei Boudoir Noir an, ein Onlineshop f\u00fcr Gothic und Dark Fashion. Es hatte zun\u00e4chst etwas \u00dcberredung gebraucht, denn Gothic Style ist nicht der \u00fcbliche Stil, den er tr\u00e4gt. Aber auch darum geht es bei einem Praktikum. Etwas Ungewohntes ausprobieren, eine zun\u00e4chst fremde Situation meistern und sich in eine neuen Rolle ausprobieren. Frederic hatte sich einige Hemden und Hosen\u00a0 ausgesucht, die aus ihm einen coolen jungen Vampir in einem d\u00fcster-eleganten Victorian-Style machen w\u00fcrden.<\/p>\n<p>Ergebnis: Wir haben jetzt ein Jungsmodel. Und Frederik Schrade kann sich vorstellen, weiterhin zu modeln. Als Ferien- oder Sch\u00fclerjob, zum Beispiel f\u00fcr Urban Street Style, aber auch f\u00fcr weitere Fantasyshootings.<\/p>\n<p>Model: Frederik Schrade, Bonn<br \/>\nFotografin: Barbara Frommann, Bornheim<br \/>\nVisagistin: <a href=\"https:\/\/www.emilia-keil.de\/\" target=\"_blank\" rel=\"noopener\">Emilia Keil, Bornheim<\/a><br \/>\nTextilien: <a href=\"https:\/\/www.boudoir-noir.de\/\" target=\"_blank\" rel=\"noopener\">Boudoir Noir, Ebersbach<\/a><br \/>\nLocation: Alter Friedhof mit Georgskapelle, Bonn<\/p>\n<p>&nbsp;<\/p>\n<h3 data-start=\"184\" data-end=\"261\"><strong data-start=\"184\" data-end=\"261\">Praktikum im Fotostudio: Entdecke die Welt hinter der Kamera \u2013 und davor!<\/strong><\/h3>\n<figure id=\"attachment_3629\" aria-describedby=\"caption-attachment-3629\" style=\"width: 300px\" class=\"wp-caption alignright\"><a href=\"https:\/\/fantasy-model.de\/wp-content\/uploads\/BAfmW-Alter-Friedhof-054.jpg\" target=\"_blank\" rel=\"noopener\"><img decoding=\"async\" class=\"wp-image-3629 size-medium\" title=\"Zwei junge Male Models, die f\u00fcr Fotoshootings im Bereich Fashion zur Verf\u00fcgung stehen, zum Beispiel f\u00fcr Gothic- und Dark Fashion im Victorian Style.\" src=\"https:\/\/fantasy-model.de\/wp-content\/uploads\/BAfmW-Alter-Friedhof-054-300x200.jpg\" alt=\"Zwei junge Male Models, die f\u00fcr Fotoshootings im Bereich Fashion zur Verf\u00fcgung stehen, zum Beispiel f\u00fcr Gothic- und Dark Fashion im Victorian Style.\" width=\"300\" height=\"200\" srcset=\"https:\/\/fantasy-model.de\/wp-content\/uploads\/BAfmW-Alter-Friedhof-054-300x200.jpg 300w, https:\/\/fantasy-model.de\/wp-content\/uploads\/BAfmW-Alter-Friedhof-054-1800x1200.jpg 1800w, https:\/\/fantasy-model.de\/wp-content\/uploads\/BAfmW-Alter-Friedhof-054-150x100.jpg 150w, https:\/\/fantasy-model.de\/wp-content\/uploads\/BAfmW-Alter-Friedhof-054-768x512.jpg 768w, https:\/\/fantasy-model.de\/wp-content\/uploads\/BAfmW-Alter-Friedhof-054-1536x1024.jpg 1536w, https:\/\/fantasy-model.de\/wp-content\/uploads\/BAfmW-Alter-Friedhof-054.jpg 1920w\" sizes=\"(max-width: 300px) 100vw, 300px\" \/><\/a><figcaption id=\"caption-attachment-3629\" class=\"wp-caption-text\">Zwei junge Male Models, die f\u00fcr Fotoshootings im Bereich Fashion zur Verf\u00fcgung stehen, zum Beispiel f\u00fcr Gothic- und Dark Fashion im Victorian Style.<\/figcaption><\/figure>\n<p data-start=\"263\" data-end=\"489\">Du bist 16 oder \u00e4lter und interessierst dich f\u00fcr Fotografie, Styling oder willst einfach mal wissen, was bei einem professionellen Fotoshooting wirklich abgeht? Dann ist ein Praktikum im Fotostudio genau das Richtige f\u00fcr dich!<\/p>\n<p data-start=\"491\" data-end=\"585\">Bei Sprungbrett BAfmW bekommst du die Chance, gleich drei spannende Berufe hautnah kennenzulernen:<\/p>\n<p data-start=\"587\" data-end=\"846\">\ud83d\udcf8 <strong data-start=\"590\" data-end=\"629\">Fotograf \u2013 der Blick f\u00fcrs Besondere<\/strong><br data-start=\"629\" data-end=\"632\" \/>Lerne, wie man mit Licht, Perspektive und Technik beeindruckende Bilder macht. Du darfst bei echten Shootings mithelfen, die Kamera bedienen, das Set aufbauen und erf\u00e4hrst, wie aus einer Idee ein starkes Bild wird.<\/p>\n<p data-start=\"848\" data-end=\"1104\">\ud83c\udfad <strong data-start=\"851\" data-end=\"898\">Maskenbildner \u2013 der K\u00fcnstler im Hintergrund<\/strong><br data-start=\"898\" data-end=\"901\" \/>Hier geht\u2019s um mehr als Make-up: Du siehst, wie mit Pinsel, Farbe und Kreativit\u00e4t Looks entstehen \u2013 von nat\u00fcrlich bis verr\u00fcckt. Du kannst dabei zuschauen oder sogar kleine Handgriffe selbst ausprobieren.<\/p>\n<p data-start=\"1106\" data-end=\"1363\">\ud83d\udca1 <strong data-start=\"1109\" data-end=\"1149\">Model \u2013 Selbstbewusst vor der Kamera<\/strong><br data-start=\"1149\" data-end=\"1152\" \/>Du willst wissen, wie Models arbeiten? Bei uns bekommst du bei einem Praktkium einen Eindruck davon, wie man richtig posiert, mit der Kamera umgeht und selbstbewusst auftritt. Wer wei\u00df \u2013 vielleicht hast du sogar <a href=\"https:\/\/fantasy-model.de\/model-bei-sprungbrett-bafmw\/\">Talent f\u00fcrs Modeln<\/a>?<\/p>\n<p data-start=\"1365\" data-end=\"1398\"><strong data-start=\"1365\" data-end=\"1396\">Was du mitbringen solltest:<\/strong><\/p>\n<ul data-start=\"1399\" data-end=\"1524\">\n<li data-start=\"1399\" data-end=\"1424\">\n<p data-start=\"1401\" data-end=\"1424\">Neugier und Offenheit<\/p>\n<\/li>\n<li data-start=\"1425\" data-end=\"1448\">\n<p data-start=\"1427\" data-end=\"1448\">Kreatives Interesse<\/p>\n<\/li>\n<li data-start=\"1449\" data-end=\"1462\">\n<p data-start=\"1451\" data-end=\"1462\">Teamgeist<\/p>\n<\/li>\n<li data-start=\"1463\" data-end=\"1524\">\n<p data-start=\"1465\" data-end=\"1524\">Keine Angst davor, auch mal selbst vor die Kamera zu treten<\/p>\n<\/li>\n<\/ul>\n<p data-start=\"1526\" data-end=\"1548\"><strong data-start=\"1526\" data-end=\"1546\">Was du bekommst:<\/strong><\/p>\n<ul data-start=\"1549\" data-end=\"1729\">\n<li data-start=\"1549\" data-end=\"1586\">\n<p data-start=\"1551\" data-end=\"1586\">Einblick in kreative Berufswelten<\/p>\n<\/li>\n<li data-start=\"1587\" data-end=\"1624\">\n<p data-start=\"1589\" data-end=\"1624\">Erste Erfahrungen im Studioalltag<\/p>\n<\/li>\n<li data-start=\"1625\" data-end=\"1663\">\n<p data-start=\"1627\" data-end=\"1663\">Tipps und Tricks von echten Profis<\/p>\n<\/li>\n<li data-start=\"1664\" data-end=\"1729\">\n<p data-start=\"1666\" data-end=\"1729\">Coole Eindr\u00fccke \u2013 und vielleicht sogar ein paar Bilder von dir!<\/p>\n<\/li>\n<\/ul>\n<hr data-start=\"1731\" data-end=\"1734\" \/>\n<p data-start=\"1736\" data-end=\"1831\"><strong data-start=\"1736\" data-end=\"1754\">Lust bekommen?<\/strong> Dann bewirb dich jetzt f\u00fcr ein Praktikum und entdecke dein kreatives Talent!<\/p>\n","protected":false},"excerpt":{"rendered":"<p>Vom 15-j\u00e4hrigen Sch\u00fcler zum jungen Vampir auf dem alten Friedhof in Bonn<\/p>\n","protected":false},"author":4,"featured_media":2878,"comment_status":"open","ping_status":"open","sticky":false,"template":"","format":"standard","meta":{"footnotes":"","_members_access_role":[],"_members_access_error":""},"categories":[44,120],"tags":[45,90,91,92,93],"class_list":["post-2696","post","type-post","status-publish","format-standard","has-post-thumbnail","hentry","category-fantasy-shootings","category-fashion-shootings","tag-bonn","tag-boudoir-noir","tag-dark-fashion","tag-georgskapelle","tag-vampir"],"_links":{"self":[{"href":"https:\/\/fantasy-model.de\/pl\/wp-json\/wp\/v2\/posts\/2696","targetHints":{"allow":["GET"]}}],"collection":[{"href":"https:\/\/fantasy-model.de\/pl\/wp-json\/wp\/v2\/posts"}],"about":[{"href":"https:\/\/fantasy-model.de\/pl\/wp-json\/wp\/v2\/types\/post"}],"author":[{"embeddable":true,"href":"https:\/\/fantasy-model.de\/pl\/wp-json\/wp\/v2\/users\/4"}],"replies":[{"embeddable":true,"href":"https:\/\/fantasy-model.de\/pl\/wp-json\/wp\/v2\/comments?post=2696"}],"version-history":[{"count":0,"href":"https:\/\/fantasy-model.de\/pl\/wp-json\/wp\/v2\/posts\/2696\/revisions"}],"wp:featuredmedia":[{"embeddable":true,"href":"https:\/\/fantasy-model.de\/pl\/wp-json\/wp\/v2\/media\/2878"}],"wp:attachment":[{"href":"https:\/\/fantasy-model.de\/pl\/wp-json\/wp\/v2\/media?parent=2696"}],"wp:term":[{"taxonomy":"category","embeddable":true,"href":"https:\/\/fantasy-model.de\/pl\/wp-json\/wp\/v2\/categories?post=2696"},{"taxonomy":"post_tag","embeddable":true,"href":"https:\/\/fantasy-model.de\/pl\/wp-json\/wp\/v2\/tags?post=2696"}],"curies":[{"name":"wp","href":"https:\/\/api.w.org\/{rel}","templated":true}]}}